{"id":170,"date":"2021-09-17T21:17:00","date_gmt":"2021-09-17T19:17:00","guid":{"rendered":"https:\/\/antiimperialiststruggle.noblogs.org\/?p=170"},"modified":"2023-04-09T16:57:00","modified_gmt":"2023-04-09T14:57:00","slug":"aemk-aciklama-6","status":"publish","type":"post","link":"https:\/\/antiimperialiststruggle.noblogs.org\/en-GB\/post\/2021\/09\/17\/aemk-aciklama-6\/","title":{"rendered":"[TR] Anti-Emperyalist M\u00fccadele Komitesi 6 No.lu A\u00e7\u0131klama \u2013 Turan Akta\u015f&#8217;\u0131n Direni\u015fi Hakk\u0131nda A\u00e7\u0131klama"},"content":{"rendered":"<p>ZAFER D\u0130RENEN EMEK\u00c7\u0130LER\u0130N OLACAKTIR!<\/p>\n<p>650 G\u00dcNE A\u015eKIN B\u0130R S\u00dcRED\u0130R \u0130\u015e\u0130, EKME\u011e\u0130 \u0130\u00c7\u0130N D\u0130RENEN TURAN AKTA\u015eI BASKILARINIZLA YILDIRAMAZSINIZ!<\/p>\n<p>CHP, ANKARA Y\u00dcR\u00dcY\u00dc\u015eLER\u0130NE BA\u015eLAYACAK OLAN \u0130\u015e\u00c7\u0130LERE KAR\u015eI AKP\u2019N\u0130N KAT\u0130L POL\u0130S\u0130N\u0130 KULLANARAK B\u0130R KEZ DAHA \u0130\u015e\u00c7\u0130 D\u00dc\u015eMANLI\u011eINI G\u00d6STERM\u0130\u015eT\u0130R!<\/p>\n<p><!--more--><\/p>\n<p>Turan Akta\u015f \u0130stanbul-\u015ei\u015fli belediyesinde \u00e7al\u0131\u015fan bir \u015fof\u00f6r, bir i\u015f\u00e7i, bir aile babas\u0131 yani k\u0131sacas\u0131 halk\u0131m\u0131z\u0131n i\u00e7inde olan milyonlarca emek\u00e7ilerden biri. Turan Akta\u015f vatan\u0131m\u0131z T\u00fcrkiye\u2019de Korona ve \u201ctam kapanma\u201d s\u00fcrecinde s\u00f6zde uygulanan \u201ci\u015ften \u00e7\u0131karma yasa\u011f\u0131na\u201d ra\u011fmen Kod 29 bahanesiyle i\u015finden ekme\u011finden edilen 177 bin i\u015f\u00e7iden biridir. Kod 29 maddesi ise i\u015f\u00e7ileri \u201cahlak ve iyi niyet kurallar\u0131n\u0131 ayk\u0131r\u0131 davran\u0131\u015flar\u201d ile su\u00e7luyor ve i\u015ften at\u0131lmalar\u0131n\u0131 bu \u015fekilde gerek\u00e7elendiriyor. Kod 29 ile i\u015ften at\u0131lan bir i\u015f\u00e7i \u0130\u015eKUR taraf\u0131ndan ne i\u015fsizlik maa\u015f\u0131 alabiliyor ne yeni bir i\u015f bulabiliyor. YAN\u0130 KOD 29 \u0130LE \u0130\u015eTEN ATILAN EMEK\u00c7\u0130LER, A\u0130LELER\u0130 VE \u00c7OCUKLARI PATRONLAR VE DEVLET TARAFINDAN A\u00c7LI\u011eA MAHKUM ED\u0130L\u0130YOR! DOLAYLISIYLA TURAN AKTA\u015e\u2019IN VERD\u0130\u011e\u0130 M\u00dcCADELE SADECE KEND\u0130S\u0130 \u0130\u00c7\u0130N DE\u011e\u0130L, KOD 29 \u0130LE \u0130\u015e\u0130NDEN, EKME\u011e\u0130NDEN OLAN T\u00dcM \u0130\u015e\u00c7\u0130LER VE A\u0130LELER\u0130 \u0130\u00c7\u0130N EMSAL OLARAK B\u00dcY\u00dcK B\u0130R \u00d6NEM TA\u015eIYOR! Turan Akta\u015f\u2019\u0131n i\u015ften at\u0131lmas\u0131n\u0131n as\u0131l nedeni ta\u015feron bir \u015firketin i\u015f\u00e7isi olarak \u201ce\u015fit hizmet, e\u015fit \u00fccret\u201d talebiyle CHP y\u00f6netimi alt\u0131nda olan \u015ei\u015fli belediyesine davalar a\u00e7mas\u0131 ve hepsini kazanmas\u0131! HAN\u0130 CHP \u0130\u015e\u00c7\u0130DEN, EMEK\u00c7\u0130DEN, EZ\u0130LENLERDEN YANAYDI?! CHP \u00d6NCE A\u0130LES\u0130N\u0130 GE\u00c7\u0130ND\u0130RMEK \u0130\u00c7\u0130N \u00c7ALI\u015eAN TA\u015eERON \u0130\u015e\u00c7\u0130LERE AYNI MAA\u015eI \u00d6DEM\u0130YOR, ONLARI YOKSULLU\u011eA MAHKUM ED\u0130YOR ARDINDAN DA M\u00dcCADELE EDEN \u0130\u015e\u00c7\u0130LER\u0130 SUSTURMAYA, ES\u0130R ALMAYA \u00c7ALI\u015eIYOR BUNU DA BA\u015eARAMAYINCA KOD 29 BAHANES\u0130YLE \u0130\u015e\u00c7\u0130LER\u0130 VE A\u0130LELER\u0130N\u0130 A\u00c7LI\u011eA TESL\u0130M ED\u0130YOR! H\u0130\u00c7 UTANMADAN, SIKILMADAN NAMUSLU \u0130\u015e\u00c7\u0130LERE, A\u0130LE BABALARINA KOD 29 MADDES\u0130YLE \u201cAHLAKSIZLIK\u201d SU\u00c7LAMASI YAPAN PATRONLAR ASIL AHLAKSIZLARDIR! EN B\u00dcY\u00dcK AHLAKSIZLIK PATRONLARIN EMEK S\u00d6M\u00dcR\u00dcS\u00dcD\u00dcR, \u0130\u015e\u00c7\u0130LER\u0130N EME\u011e\u0130N\u0130, ALIN TER\u0130N\u0130 \u00c7ALARAK ASALAK\u00c7A YA\u015eAMAKTIR! Turan Akta\u015f\u2019\u0131n i\u015ften at\u0131lmas\u0131ndan, t\u00fcm mahkeme davalar\u0131n\u0131 kazanmas\u0131na ra\u011fmen hala hakk\u0131na kavu\u015famamas\u0131ndan tek sorumlu \u015ei\u015fli Belediye Ba\u015fkan\u0131 Muammer Keskin ve CHP y\u00f6netimidir! Bunun son \u00f6rne\u011fini ge\u00e7ti\u011fimiz \u00c7ar\u015famba g\u00fcn\u00fc ya\u015fad\u0131k.<\/p>\n<p><strong>Turan Akta\u015f\u2019\u0131n da aralar\u0131nda oldu\u011fu i\u015f\u00e7iler CHP \u015ei\u015fli il\u00e7e binas\u0131n\u0131n \u00f6n\u00fcnde Ankara y\u00fcr\u00fcy\u00fc\u015flerini ba\u015flatmak istediklerinde CHP\u2019N\u0130N TAL\u0130MATIYLA AKP\u2019N\u0130N FA\u015e\u0130ST POL\u0130SLER\u0130 M\u00dcDAHALEDE BULUNDU, ARALARINDA D\u0130RENEN \u0130\u015e\u00c7\u0130LER TURAN AKTA\u015e, RAMAZAN \u00c7EL\u0130K VE SAL\u0130H B\u0130TNEL\u2019\u0130N DE OLDU\u011eU 9 K\u0130\u015e\u0130 \u0130\u015eKENCELERLE, TERS KELEP\u00c7EYLE G\u00d6ZALTINA ALINDI, RAMAZAN \u00c7EL\u0130K\u2019\u0130N D\u0130\u015e\u0130 KIRILDI! BU, MUAMMER KESK\u0130N\u2019\u0130N, FA\u015e\u0130ST CHP Y\u00d6NET\u0130M\u0130N\u0130N VE AKP\u2019N\u0130N KAT\u0130L POL\u0130S\u0130N\u0130N \u00c7ARES\u0130ZL\u0130\u011e\u0130NE G\u00d6STER\u0130YOR! HER \u015eEY\u0130 YARATAN VE VAR EDEN \u0130\u015e\u00c7\u0130 SINIFINA KALKAN ELLER ELBETTE KIRILACAKTIR! <\/strong><\/p>\n<p>CHP se\u00e7menleri ve taban\u0131 bizim d\u00fc\u015fman\u0131m\u0131z de\u011fildir. Bilakis AKP fa\u015fizmine kar\u015f\u0131 bizimle birlikte ger\u00e7ekten m\u00fccadele etmek isteyen herkese kap\u0131m\u0131z sonuna kadar a\u00e7\u0131kt\u0131r. Ancak Turan Akta\u015f\u2019\u0131n ya\u015fad\u0131klar\u0131 bize bir kez daha CHP\u2019nin parti olarak \u00d6Z\u00dcNDE AKP\u2019DEN H\u0130\u00c7 B\u0130R FARKA SAH\u0130P OLMADI\u011eINI, FA\u015e\u0130ZMLE \u0130\u015eB\u0130RL\u0130\u011e\u0130 \u0130\u00c7\u0130NDE OLDU\u011eUNU G\u00d6STER\u0130YOR!<\/p>\n<p>Bug\u00fcn ger\u00e7ekten i\u015f\u00e7ilerden, emek\u00e7ilerden taraf olan t\u00fcm CHP\u2019lileri Turan Akta\u015f\u0131 ve direni\u015fini sahiplenmeye \u00e7a\u011f\u0131r\u0131yoruz! Kimin ger\u00e7ekten emek\u00e7inin, ezilenlerin taraf\u0131nda, kimin s\u00f6m\u00fcr\u00fcc\u00fclerin taraf\u0131nda oldu\u011funu Turan Akta\u015f\u2019\u0131n, T\u00fcrkiye i\u015f\u00e7i s\u0131n\u0131f\u0131n\u0131n Kod 29 ve ta\u015feron dayatmalar\u0131na kar\u015f\u0131 ba\u015flatt\u0131\u011f\u0131 direni\u015fe kar\u015f\u0131 g\u00f6sterdi\u011fi tav\u0131rla g\u00f6rece\u011fiz. Turan Akta\u015f ve direni\u015fi hakk\u0131nda CHP y\u00f6netimi taraf\u0131ndan bir \u00e7ok yalan haber ve iftira yay\u0131l\u0131yor. Mesela Turan Akta\u015f\u2019\u0131n AKP\u2019li oldu\u011fu iddia ediliyor. E\u011fer \u00f6yleyse ger\u00e7ekten AKP\u2019nin polisi Turan Akta\u015f\u2019a neden sald\u0131r\u0131yor? T\u00fcm CHP\u2019lileri ve halk\u0131m\u0131z\u0131 CHP y\u00f6netiminin as\u0131ls\u0131z iftiralar\u0131na de\u011fil, direnen i\u015f\u00e7ilerin a\u00e7\u0131klamalar\u0131na kulak vermeye \u00e7a\u011f\u0131r\u0131yoruz! Ne fa\u015fist AKP-CHP i\u015fbirli\u011fi, ne Muammer Keskinlerin zorbal\u0131\u011f\u0131 ne de fa\u015fist polisin g\u00f6zalt\u0131lar\u0131 ve daya\u011f\u0131 TURAN AKTA\u015eI VE D\u0130RENEN \u0130\u015e\u00c7\u0130LER\u0130 YILDIRAMAZ, ANKARA Y\u00dcR\u00dcY\u00dc\u015e\u00dcN\u00dc ENGELLEYEMEZ! Bug\u00fcn kar\u015f\u0131n\u0131zda Ankara\u2019ya y\u00fcr\u00fcyen 3 i\u015f\u00e7i var, Turan Akta\u015f, Ramazan \u00c7elik ve Salih Bitnel. Ama yar\u0131n kar\u015f\u0131n\u0131zda milyonlar olacak! Biz de Almanya Anti-Emperyalist M\u00fccadele Komitesi olarak Turan Akta\u015f\u2019\u0131n m\u00fccadelesini ve Ankara y\u00fcr\u00fcy\u00fc\u015f\u00fcn\u00fc Almanya i\u015f\u00e7i s\u0131n\u0131f\u0131na, i\u015f\u00e7i hareketine ve sendikalara tan\u0131taca\u011f\u0131z ve enternasyonal dayan\u0131\u015fmay\u0131 \u00f6rg\u00fctleyece\u011fiz!<\/p>\n<p>DEVR\u0130MC\u0130 \u0130\u015e\u00c7\u0130 HAREKET\u0130\u2019N\u0130N \u00d6NDERL\u0130\u011e\u0130 ALTINDA M\u0130L\u0130TANCA M\u00dcCADELE EDEN \u0130\u015e\u00c7\u0130LER KAZANACAK!<\/p>\n<p>YA\u015eASIN ANKARA Y\u00dcR\u00dcY\u00dc\u015e\u00dc! ZAFER D\u0130RENEN EMEK\u00c7\u0130N\u0130N OLACAK!<\/p>\n<p>KAHROLSUN FA\u015e\u0130ST CHP-AKP \u0130\u015eB\u0130RL\u0130\u011e\u0130!<\/p>\n<p>HALK D\u00dc\u015eMANI MUAMMER KESK\u0130N HALKA HESAP VERECEK!<\/p>\n<p>TURAN AKTA\u015e ONURUMUZDUR!<\/p>\n<p>ALMANYA ANT\u0130-EMPERYAL\u0130ST M\u00dcCADELE KOM\u0130TES\u0130 (AEMK)<\/p>\n","protected":false},"excerpt":{"rendered":"<p>ZAFER D\u0130RENEN EMEK\u00c7\u0130LER\u0130N OLACAKTIR! 650 G\u00dcNE A\u015eKIN B\u0130R S\u00dcRED\u0130R \u0130\u015e\u0130, EKME\u011e\u0130 \u0130\u00c7\u0130N D\u0130RENEN TURAN AKTA\u015eI BASKILARINIZLA YILDIRAMAZSINIZ! CHP, ANKARA Y\u00dcR\u00dcY\u00dc\u015eLER\u0130NE BA\u015eLAYACAK OLAN \u0130\u015e\u00c7\u0130LERE KAR\u015eI AKP\u2019N\u0130N KAT\u0130L POL\u0130S\u0130N\u0130 KULLANARAK B\u0130R KEZ DAHA \u0130\u015e\u00c7\u0130 D\u00dc\u015eMANLI\u011eINI G\u00d6STERM\u0130\u015eT\u0130R!<\/p>\n","protected":false},"author":16788,"featured_media":0,"comment_status":"closed","ping_status":"closed","sticky":false,"template":"","format":"standard","meta":{"_locale":"en_GB","_original_post":"https:\/\/antiimperialiststruggle.noblogs.org\/?p=170","activitypub_content_warning":"","activitypub_content_visibility":"","activitypub_max_image_attachments":4,"activitypub_interaction_policy_quote":"anyone","activitypub_status":"","footnotes":""},"categories":[13,1],"tags":[],"class_list":["post-170","post","type-post","status-publish","format-standard","hentry","category-bulletin","category-general","en-GB"],"_links":{"self":[{"href":"https:\/\/antiimperialiststruggle.noblogs.org\/wp-json\/wp\/v2\/posts\/170","targetHints":{"allow":["GET"]}}],"collection":[{"href":"https:\/\/antiimperialiststruggle.noblogs.org\/wp-json\/wp\/v2\/posts"}],"about":[{"href":"https:\/\/antiimperialiststruggle.noblogs.org\/wp-json\/wp\/v2\/types\/post"}],"author":[{"embeddable":true,"href":"https:\/\/antiimperialiststruggle.noblogs.org\/wp-json\/wp\/v2\/users\/16788"}],"replies":[{"embeddable":true,"href":"https:\/\/antiimperialiststruggle.noblogs.org\/wp-json\/wp\/v2\/comments?post=170"}],"version-history":[{"count":2,"href":"https:\/\/antiimperialiststruggle.noblogs.org\/wp-json\/wp\/v2\/posts\/170\/revisions"}],"predecessor-version":[{"id":511,"href":"https:\/\/antiimperialiststruggle.noblogs.org\/wp-json\/wp\/v2\/posts\/170\/revisions\/511"}],"wp:attachment":[{"href":"https:\/\/antiimperialiststruggle.noblogs.org\/wp-json\/wp\/v2\/media?parent=170"}],"wp:term":[{"taxonomy":"category","embeddable":true,"href":"https:\/\/antiimperialiststruggle.noblogs.org\/wp-json\/wp\/v2\/categories?post=170"},{"taxonomy":"post_tag","embeddable":true,"href":"https:\/\/antiimperialiststruggle.noblogs.org\/wp-json\/wp\/v2\/tags?post=170"}],"curies":[{"name":"wp","href":"https:\/\/api.w.org\/{rel}","templated":true}]}}